{"id":1045,"date":"2023-01-16T20:24:36","date_gmt":"2023-01-16T19:24:36","guid":{"rendered":"https:\/\/pow-ksiazki.pl\/?p=1045"},"modified":"2023-01-16T20:24:36","modified_gmt":"2023-01-16T19:24:36","slug":"jaselka","status":"publish","type":"post","link":"https:\/\/pow-ksiazki.pl\/?p=1045","title":{"rendered":"Jase\u0142ka"},"content":{"rendered":"\n<p>W minion\u0105 sobot\u0119 wychowankowie wraz z wychowawc\u0105 zasiedli na widowni w Gminnym O\u015brodku Kultury w Ksi\u0105\u017ckach, aby obejrze\u0107 jase\u0142ka przygotowane przez m\u0142odzie\u017c z powiatu w\u0105brzeskiego. Na szczeg\u00f3ln\u0105 uwag\u0119 zas\u0142uguje fakt, \u017ce nasz wychowanek &#8211; Karol wcieli\u0142 si\u0119 w rol\u0119 jednego z kr\u00f3li.<\/p>\n\n\n\n<p><\/p>\n\n\n\n<p>  <\/p>\n\n\n\n<figure class=\"wp-block-image size-full is-style-rounded\"><img loading=\"lazy\" decoding=\"async\" width=\"640\" height=\"480\" src=\"https:\/\/pow-ksiazki.pl\/wp-content\/uploads\/2023\/01\/image00000016.jpg\" alt=\"\" class=\"wp-image-1046\" srcset=\"https:\/\/pow-ksiazki.pl\/wp-content\/uploads\/2023\/01\/image00000016.jpg 640w, https:\/\/pow-ksiazki.pl\/wp-content\/uploads\/2023\/01\/image00000016-300x225.jpg 300w\" sizes=\"auto, (max-width: 640px) 100vw, 640px\" \/><\/figure>\n\n\n\n<figure class=\"wp-block-image size-full\"><img loading=\"lazy\" decoding=\"async\" width=\"480\" height=\"640\" src=\"https:\/\/pow-ksiazki.pl\/wp-content\/uploads\/2023\/01\/image00000015.jpg\" alt=\"\" class=\"wp-image-1047\" srcset=\"https:\/\/pow-ksiazki.pl\/wp-content\/uploads\/2023\/01\/image00000015.jpg 480w, https:\/\/pow-ksiazki.pl\/wp-content\/uploads\/2023\/01\/image00000015-225x300.jpg 225w\" sizes=\"auto, (max-width: 480px) 100vw, 480px\" \/><\/figure>\n","protected":false},"excerpt":{"rendered":"<p>W minion\u0105 sobot\u0119 wychowankowie wraz z wychowawc\u0105 zasiedli na widowni w Gminnym O\u015brodku Kultury w Ksi\u0105\u017ckach, aby obejrze\u0107 jase\u0142ka przygotowane przez m\u0142odzie\u017c z powiatu w\u0105brzeskiego. Na szczeg\u00f3ln\u0105 uwag\u0119 zas\u0142uguje fakt, \u017ce nasz wychowanek &#8211; Karol wcieli\u0142 si\u0119 w rol\u0119 jednego z kr\u00f3li.<\/p>\n","protected":false},"author":2,"featured_media":0,"comment_status":"closed","ping_status":"open","sticky":false,"template":"","format":"standard","meta":{"footnotes":""},"categories":[1],"tags":[],"class_list":["post-1045","post","type-post","status-publish","format-standard","hentry","category-bez-kategorii"],"_links":{"self":[{"href":"https:\/\/pow-ksiazki.pl\/index.php?rest_route=\/wp\/v2\/posts\/1045","targetHints":{"allow":["GET"]}}],"collection":[{"href":"https:\/\/pow-ksiazki.pl\/index.php?rest_route=\/wp\/v2\/posts"}],"about":[{"href":"https:\/\/pow-ksiazki.pl\/index.php?rest_route=\/wp\/v2\/types\/post"}],"author":[{"embeddable":true,"href":"https:\/\/pow-ksiazki.pl\/index.php?rest_route=\/wp\/v2\/users\/2"}],"replies":[{"embeddable":true,"href":"https:\/\/pow-ksiazki.pl\/index.php?rest_route=%2Fwp%2Fv2%2Fcomments&post=1045"}],"version-history":[{"count":1,"href":"https:\/\/pow-ksiazki.pl\/index.php?rest_route=\/wp\/v2\/posts\/1045\/revisions"}],"predecessor-version":[{"id":1049,"href":"https:\/\/pow-ksiazki.pl\/index.php?rest_route=\/wp\/v2\/posts\/1045\/revisions\/1049"}],"wp:attachment":[{"href":"https:\/\/pow-ksiazki.pl\/index.php?rest_route=%2Fwp%2Fv2%2Fmedia&parent=1045"}],"wp:term":[{"taxonomy":"category","embeddable":true,"href":"https:\/\/pow-ksiazki.pl\/index.php?rest_route=%2Fwp%2Fv2%2Fcategories&post=1045"},{"taxonomy":"post_tag","embeddable":true,"href":"https:\/\/pow-ksiazki.pl\/index.php?rest_route=%2Fwp%2Fv2%2Ftags&post=1045"}],"curies":[{"name":"wp","href":"https:\/\/api.w.org\/{rel}","templated":true}]}}